{"id":30,"date":"2023-06-26T17:38:10","date_gmt":"2023-06-26T14:38:10","guid":{"rendered":"http:\/\/matematikkocu.com\/index.php\/2023\/06\/26\/matematik-dersleriyle-basarinizi-artirin\/"},"modified":"2023-10-04T23:22:55","modified_gmt":"2023-10-04T20:22:55","slug":"matematik-dersleriyle-basarinizi-artirin","status":"publish","type":"post","link":"https:\/\/matematikkocu.com\/index.php\/2023\/06\/26\/matematik-dersleriyle-basarinizi-artirin\/","title":{"rendered":"\u00d6zel Dersin G\u00fcc\u00fc: \u00d6zg\u00fcven"},"content":{"rendered":"\n<p>Matematik \u00f6zel derslerinin en \u00f6nemli avantajlar\u0131ndan biri, \u00f6\u011frencilere g\u00fcven a\u015f\u0131lamakt\u0131r. Matemati\u011fi anlama konusunda g\u00fcvensizlik, bir\u00e7ok \u00f6\u011frencinin kar\u015f\u0131la\u015ft\u0131\u011f\u0131 bir sorundur ve bu durum matematik ba\u015far\u0131s\u0131n\u0131 olumsuz etkileyebilir. Ancak \u00f6zel dersler, \u00f6\u011frencilere matematikte g\u00fcven kazand\u0131rmada \u00f6nemli bir rol oynar. \u0130\u015fte \u00f6zel derste g\u00fcvenin nas\u0131l kazan\u0131ld\u0131\u011f\u0131na dair baz\u0131 noktalar:<\/p>\n\n\n\n<p><strong>Ki\u015fiye \u00d6zel Yakla\u015f\u0131m:<\/strong> Matematik \u00f6zel dersleri, \u00f6\u011frencinin bireysel ihtiya\u00e7lar\u0131na ve g\u00fcven eksikliklerine uygun bir \u015fekilde tasarlan\u0131r. \u00d6\u011frencinin zay\u0131f oldu\u011fu alanlar belirlenir ve bu alanlarda daha fazla \u00e7al\u0131\u015farak g\u00fc\u00e7l\u00fc bir temel olu\u015fturulur. Bu ki\u015fiye \u00f6zel yakla\u015f\u0131m, \u00f6\u011frencinin matematik konusunda daha iyi anlamas\u0131n\u0131 sa\u011flar ve \u00f6zg\u00fcven kazanmas\u0131na yard\u0131mc\u0131 olur.<\/p>\n\n\n\n<p><strong>Olumlu \u0130leti\u015fim:<\/strong> \u00d6zel derslerde \u00f6\u011fretmen, \u00f6\u011frenciye olumlu geri bildirimler vererek onun ba\u015far\u0131lar\u0131n\u0131 vurgular. Bu olumlu ileti\u015fim, \u00f6\u011frencinin matematikteki k\u00fc\u00e7\u00fck ba\u015far\u0131lar\u0131n\u0131 fark etmesini ve bunlar\u0131n \u00fczerine in\u015fa etmesini sa\u011flar. Bu da \u00f6\u011frencinin \u00f6zg\u00fcvenini art\u0131r\u0131r.<\/p>\n\n\n\n<figure class=\"wp-block-image size-large\"><img decoding=\"async\" loading=\"lazy\" width=\"1024\" height=\"1024\" src=\"https:\/\/matematikkocu.com\/wp-content\/uploads\/2023\/09\/Adsiz-tasarim-21-1-1024x1024.png\" alt=\"\" class=\"wp-image-5638\" srcset=\"https:\/\/matematikkocu.com\/wp-content\/uploads\/2023\/09\/Adsiz-tasarim-21-1-1024x1024.png 1024w, https:\/\/matematikkocu.com\/wp-content\/uploads\/2023\/09\/Adsiz-tasarim-21-1-300x300.png 300w, https:\/\/matematikkocu.com\/wp-content\/uploads\/2023\/09\/Adsiz-tasarim-21-1-150x150.png 150w, https:\/\/matematikkocu.com\/wp-content\/uploads\/2023\/09\/Adsiz-tasarim-21-1-768x768.png 768w, https:\/\/matematikkocu.com\/wp-content\/uploads\/2023\/09\/Adsiz-tasarim-21-1-75x75.png 75w, https:\/\/matematikkocu.com\/wp-content\/uploads\/2023\/09\/Adsiz-tasarim-21-1.png 1080w\" sizes=\"(max-width: 1024px) 100vw, 1024px\" \/><\/figure>\n\n\n\n<p><strong>Hatalardan \u00d6\u011frenme:<\/strong> Matematik \u00f6zel derslerinde hatalar\u0131n ve zorluklar\u0131n normal oldu\u011fu vurgulan\u0131r. \u00d6\u011frenci, hatalardan \u00f6\u011frenme f\u0131rsat\u0131 bulur ve bu hatalar\u0131n matematik \u00f6\u011frenme s\u00fcrecinin bir par\u00e7as\u0131 oldu\u011funu kabul eder. Bu yakla\u015f\u0131m, \u00f6\u011frencinin \u00f6zg\u00fcvenini y\u00fckseltirken ayn\u0131 zamanda daha az korkarak matemati\u011fe yakla\u015fmas\u0131n\u0131 sa\u011flar.<\/p>\n\n\n\n<p><strong>K\u00fc\u00e7\u00fck Ad\u0131mlarla B\u00fcy\u00fck Ba\u015far\u0131lar:<\/strong> \u00d6\u011frenci, matematik \u00f6zel derslerinde k\u00fc\u00e7\u00fck ad\u0131mlarla ilerlerken, bu ad\u0131mlar\u0131n toplam\u0131n\u0131n b\u00fcy\u00fck bir ba\u015far\u0131y\u0131 olu\u015fturaca\u011f\u0131n\u0131 fark eder. Her basamakta ya\u015fad\u0131\u011f\u0131 ilerleme, \u00f6zg\u00fcvenini art\u0131r\u0131r ve matemati\u011fi anlaman\u0131n m\u00fcmk\u00fcn oldu\u011funa dair inanc\u0131n\u0131 g\u00fc\u00e7lendirir.<\/p>\n\n\n\n<figure class=\"wp-block-image size-large\"><img decoding=\"async\" loading=\"lazy\" width=\"1080\" height=\"608\" src=\"https:\/\/matematikkocu.com\/wp-content\/uploads\/2023\/09\/Adsiz-tasarim-11-edited-1.png\" alt=\"\" class=\"wp-image-5644\" srcset=\"https:\/\/matematikkocu.com\/wp-content\/uploads\/2023\/09\/Adsiz-tasarim-11-edited-1.png 1080w, https:\/\/matematikkocu.com\/wp-content\/uploads\/2023\/09\/Adsiz-tasarim-11-edited-1-300x169.png 300w, https:\/\/matematikkocu.com\/wp-content\/uploads\/2023\/09\/Adsiz-tasarim-11-edited-1-1024x576.png 1024w, https:\/\/matematikkocu.com\/wp-content\/uploads\/2023\/09\/Adsiz-tasarim-11-edited-1-768x432.png 768w\" sizes=\"(max-width: 1080px) 100vw, 1080px\" \/><\/figure>\n\n\n\n<p><strong>Olumlu Deneyimler:<\/strong> Matematik \u00f6zel dersleri, \u00f6\u011frencilere olumlu deneyimler ya\u015fatma f\u0131rsat\u0131 sunar. \u00d6\u011frenci, matematikle ba\u015far\u0131l\u0131 oldu\u011funu deneyimledik\u00e7e, matematik konusundaki \u00f6zg\u00fcveni artar ve bu olumlu deneyimler di\u011fer alanlara da yans\u0131r.<\/p>\n\n\n\n<p>Sonu\u00e7 olarak, matematik \u00f6zel dersleri \u00f6\u011frencilere matematikte g\u00fcven kazanma konusunda \u00f6nemli bir destek sunar. \u00d6zel derslerde ki\u015fiye \u00f6zel yakla\u015f\u0131m, olumlu ileti\u015fim, hatalardan \u00f6\u011frenme ve olumlu deneyimler sayesinde \u00f6\u011frenci, matematikte ba\u015far\u0131l\u0131 olabilece\u011fine dair g\u00fcveni kazan\u0131r. E\u011fer matematikte g\u00fcven eksikli\u011fi ya\u015f\u0131yorsan\u0131z, \u00f6zel dersler sizin i\u00e7in bu g\u00fcveni kazanma yolunda \u00f6nemli bir ad\u0131m olabilir.<\/p>\n\n\n\n<p><\/p>\n","protected":false},"excerpt":{"rendered":"<p>Matematik \u00f6zel derslerinin en \u00f6nemli avantajlar\u0131ndan biri, \u00f6\u011frencilere g\u00fcven a\u015f\u0131lamakt\u0131r. Matemati\u011fi anlama konusunda g\u00fcvensizlik, bir\u00e7ok [&hellip;]<\/p>\n","protected":false},"author":1,"featured_media":413,"comment_status":"open","ping_status":"open","sticky":false,"template":"","format":"standard","meta":{"_EventAllDay":false,"_EventTimezone":"","_EventStartDate":"","_EventEndDate":"","_EventStartDateUTC":"","_EventEndDateUTC":"","_EventShowMap":false,"_EventShowMapLink":false,"_EventURL":"","_EventCost":"","_EventCostDescription":"","_EventCurrencySymbol":"","_EventCurrencyCode":"","_EventCurrencyPosition":"","_EventDateTimeSeparator":"","_EventTimeRangeSeparator":"","_EventOrganizerID":[],"_EventVenueID":[],"_OrganizerEmail":"","_OrganizerPhone":"","_OrganizerWebsite":"","_VenueAddress":"","_VenueCity":"","_VenueCountry":"","_VenueProvince":"","_VenueState":"","_VenueZip":"","_VenuePhone":"","_VenueURL":"","_VenueStateProvince":"","_VenueLat":"","_VenueLng":"","_VenueShowMap":false,"_VenueShowMapLink":false,"_glsr_average":0,"_glsr_ranking":0,"_glsr_reviews":0},"categories":[1],"tags":[22],"aioseo_notices":[],"_links":{"self":[{"href":"https:\/\/matematikkocu.com\/index.php\/wp-json\/wp\/v2\/posts\/30"}],"collection":[{"href":"https:\/\/matematikkocu.com\/index.php\/wp-json\/wp\/v2\/posts"}],"about":[{"href":"https:\/\/matematikkocu.com\/index.php\/wp-json\/wp\/v2\/types\/post"}],"author":[{"embeddable":true,"href":"https:\/\/matematikkocu.com\/index.php\/wp-json\/wp\/v2\/users\/1"}],"replies":[{"embeddable":true,"href":"https:\/\/matematikkocu.com\/index.php\/wp-json\/wp\/v2\/comments?post=30"}],"version-history":[{"count":12,"href":"https:\/\/matematikkocu.com\/index.php\/wp-json\/wp\/v2\/posts\/30\/revisions"}],"predecessor-version":[{"id":5645,"href":"https:\/\/matematikkocu.com\/index.php\/wp-json\/wp\/v2\/posts\/30\/revisions\/5645"}],"wp:featuredmedia":[{"embeddable":true,"href":"https:\/\/matematikkocu.com\/index.php\/wp-json\/wp\/v2\/media\/413"}],"wp:attachment":[{"href":"https:\/\/matematikkocu.com\/index.php\/wp-json\/wp\/v2\/media?parent=30"}],"wp:term":[{"taxonomy":"category","embeddable":true,"href":"https:\/\/matematikkocu.com\/index.php\/wp-json\/wp\/v2\/categories?post=30"},{"taxonomy":"post_tag","embeddable":true,"href":"https:\/\/matematikkocu.com\/index.php\/wp-json\/wp\/v2\/tags?post=30"}],"curies":[{"name":"wp","href":"https:\/\/api.w.org\/{rel}","templated":true}]}}